{"id":742,"date":"2021-11-24T19:53:39","date_gmt":"2021-11-24T18:53:39","guid":{"rendered":"https:\/\/walter-koenig.hr\/web\/?p=742"},"modified":"2026-03-24T19:57:53","modified_gmt":"2026-03-24T18:57:53","slug":"1-jahr-walter-koenig-croatia-d-o-o","status":"publish","type":"post","link":"https:\/\/walter-koenig.hr\/de\/2021\/11\/24\/1-jahr-walter-koenig-croatia-d-o-o\/","title":{"rendered":"1 Jahr Walter K\u00f6nig Croatia  d.o.o."},"content":{"rendered":"<p><img loading=\"lazy\" decoding=\"async\" src=\"https:\/\/walter-koenig.hr\/web\/wp-content\/uploads\/2026\/03\/HRGruppe-768x576-1.jpg\" alt=\"Team Walter K\u00f6nig Kroatien\" width=\"768\" height=\"576\" class=\"alignnone size-full wp-image-741\" srcset=\"https:\/\/walter-koenig.hr\/web\/wp-content\/uploads\/2026\/03\/HRGruppe-768x576-1.jpg 768w, https:\/\/walter-koenig.hr\/web\/wp-content\/uploads\/2026\/03\/HRGruppe-768x576-1-300x225.jpg 300w, https:\/\/walter-koenig.hr\/web\/wp-content\/uploads\/2026\/03\/HRGruppe-768x576-1-570x428.jpg 570w\" sizes=\"auto, (max-width: 768px) 100vw, 768px\" \/><\/p>\n<p>Wir sind auf dem richtigen Weg<\/p>\n<p>Schw\u00e4bische Tugenden wie Zuverl\u00e4ssigkeit, Erfindergeist und Qualit\u00e4t sind schon bald fester Bestandteil unserer kroatischen Niederlassung geworden. Wir haben von Beginn an gemeinsam die Herausforderung angenommen, umgesetzt und sind dadurch gemeinsam gewachsen.<\/p>\n<p>Der beste Moment<\/p>\n<p>\u201eDie erste produzierte Baugruppe in den H\u00e4nden zu halten\u201c, so Dierk Mohr, welche unsere Idee Realit\u00e4t hat werden lassen.<\/p>\n<p>Schritt f\u00fcr Schritt unsere Vision weiter umsetzen<\/p>\n<p>Durch den Standort in Kroatien k\u00f6nnen wir unser Produktportfolio deutlich erweitern. Wir lassen uns gerne durch unsere Kunden inspirieren!<\/p>\n","protected":false},"excerpt":{"rendered":"<p>Wir sind auf dem richtigen Weg Schw\u00e4bische Tugenden wie Zuverl\u00e4ssigkeit, Erfindergeist und Qualit\u00e4t sind schon bald fester Bestandteil unserer kroatischen Niederlassung geworden. Wir haben von Beginn an gemeinsam die Herausforderung angenommen, umgesetzt und sind dadurch gemeinsam gewachsen. Der beste Moment \u201eDie erste produzierte Baugruppe in den H\u00e4nden zu halten\u201c, so Dierk Mohr, welche unsere Idee [&hellip;]<\/p>\n","protected":false},"author":1,"featured_media":741,"comment_status":"open","ping_status":"open","sticky":false,"template":"","format":"standard","meta":{"footnotes":""},"categories":[2],"tags":[],"class_list":{"0":"post-742","1":"post","2":"type-post","3":"status-publish","4":"format-standard","5":"has-post-thumbnail","7":"category-neuigkeiten","8":"czr-hentry"},"_links":{"self":[{"href":"https:\/\/walter-koenig.hr\/de\/wp-json\/wp\/v2\/posts\/742","targetHints":{"allow":["GET"]}}],"collection":[{"href":"https:\/\/walter-koenig.hr\/de\/wp-json\/wp\/v2\/posts"}],"about":[{"href":"https:\/\/walter-koenig.hr\/de\/wp-json\/wp\/v2\/types\/post"}],"author":[{"embeddable":true,"href":"https:\/\/walter-koenig.hr\/de\/wp-json\/wp\/v2\/users\/1"}],"replies":[{"embeddable":true,"href":"https:\/\/walter-koenig.hr\/de\/wp-json\/wp\/v2\/comments?post=742"}],"version-history":[{"count":1,"href":"https:\/\/walter-koenig.hr\/de\/wp-json\/wp\/v2\/posts\/742\/revisions"}],"predecessor-version":[{"id":743,"href":"https:\/\/walter-koenig.hr\/de\/wp-json\/wp\/v2\/posts\/742\/revisions\/743"}],"wp:featuredmedia":[{"embeddable":true,"href":"https:\/\/walter-koenig.hr\/de\/wp-json\/wp\/v2\/media\/741"}],"wp:attachment":[{"href":"https:\/\/walter-koenig.hr\/de\/wp-json\/wp\/v2\/media?parent=742"}],"wp:term":[{"taxonomy":"category","embeddable":true,"href":"https:\/\/walter-koenig.hr\/de\/wp-json\/wp\/v2\/categories?post=742"},{"taxonomy":"post_tag","embeddable":true,"href":"https:\/\/walter-koenig.hr\/de\/wp-json\/wp\/v2\/tags?post=742"}],"curies":[{"name":"wp","href":"https:\/\/api.w.org\/{rel}","templated":true}]}}